{"id":3159,"date":"2024-07-24T00:00:31","date_gmt":"2024-07-23T22:00:31","guid":{"rendered":"https:\/\/new.fribourg-olympic.ch\/fribourg-olympic-mit-vollstaendigem-kader-fuer-die-saison-2024-2025\/"},"modified":"2026-04-22T09:29:48","modified_gmt":"2026-04-22T07:29:48","slug":"fribourg-olympic-mit-vollstaendigem-kader-fuer-die-saison-2024-2025","status":"publish","type":"post","link":"https:\/\/fribourg-olympic.ch\/de\/fribourg-olympic-mit-vollstaendigem-kader-fuer-die-saison-2024-2025\/","title":{"rendered":"Fribourg Olympic mit vollst\u00e4ndigem Kader f\u00fcr die Saison 2024\/2025"},"content":{"rendered":"\t\t<div data-elementor-type=\"wp-post\" data-elementor-id=\"3159\" class=\"elementor elementor-3159 elementor-1193\" data-elementor-post-type=\"post\">\n\t\t\t\t<div class=\"elementor-element elementor-element-ebcf815 e-flex e-con-boxed e-con e-parent\" data-id=\"ebcf815\" data-element_type=\"container\" data-e-type=\"container\">\n\t\t\t\t\t<div class=\"e-con-inner\">\n\t\t\t\t<div class=\"elementor-element elementor-element-a943cfb elementor-widget elementor-widget-text-editor\" data-id=\"a943cfb\" data-element_type=\"widget\" data-e-type=\"widget\" data-widget_type=\"text-editor.default\">\n\t\t\t\t\t\t\t\t\t<p><strong>Zu Beginn der neuen Saison 2024\/2025 freuen wir uns, unseren Kader mit der Verpflichtung eines vierten ausl\u00e4ndischen Spielers zu vervollst\u00e4ndigen: Chimezie Offurum.<\/strong><\/p><p>Der 24-j\u00e4hrige, 202 cm gro\u00dfe US-Amerikaner spielt auf den Positionen 4-5-3 (Power Forward) und wechselt f\u00fcr ein Jahr zu den Freiburger. Er hat k\u00fcrzlich seine erste Profisaison bei C\u2019Chartres Basket (NM1 Frankreich) abgeschlossen, wo er folgende Statistiken vorweisen konnte: 11,1 Punkte, 4,9 Rebounds und 1,9 Assists pro Spiel. <\/p><p>Als Absolvent der George Washington University, wo er in der NCAA Division 1 spielte, bringt er athletische St\u00e4rke mit, die das Team in der kommenden Saison verst\u00e4rken wird. Wir freuen uns auf die Aufnahme von Chimezie Offurum und sind \u00fcberzeugt, dass er zu den zuk\u00fcnftigen Erfolgen unseres Teams beitragen wird. <\/p><p>Wir hei\u00dfen ihn schon jetzt herzlich willkommen und freuen uns darauf, ihn in zwei Wochen, wenn das Training wieder aufgenommen wird, auf dem Freiburger Parkett in Aktion zu sehen.<\/p><p>Damit schlie\u00dfen wir unsere Kaderplanung f\u00fcr die Saison 2024\/2025 ab, in der wir an vier Wettbewerben teilnehmen werden. Die Anzahl und der Rhythmus der Spiele sowie die Strapazen der Reisen werden den jungen Spielern viel Spielraum bieten, die die erfahrenen Profis unterst\u00fctzen und ihre Ausbildung durch Wettk\u00e4mpfe auf hohem Niveau fortsetzen werden. <\/p><p>Wir setzen damit unsere Politik der Nachwuchsf\u00f6rderung und -ausbildung fort, indem wir in Zusammenarbeit mit unserer Akademie junge Spieler in den Kader integrieren.<\/p>\t\t\t\t\t\t\t\t<\/div>\n\t\t\t\t<div class=\"elementor-element elementor-element-052b71b elementor-widget elementor-widget-heading\" data-id=\"052b71b\" data-element_type=\"widget\" data-e-type=\"widget\" data-widget_type=\"heading.default\">\n\t\t\t\t\t<p class=\"elementor-heading-title elementor-size-default\">Europ\u00e4isches Programm<\/p>\t\t\t\t<\/div>\n\t\t\t\t<div class=\"elementor-element elementor-element-b11738f elementor-widget elementor-widget-image\" data-id=\"b11738f\" data-element_type=\"widget\" data-e-type=\"widget\" data-widget_type=\"image.default\">\n\t\t\t\t\t\t\t\t\t\t\t\t\t\t\t<img fetchpriority=\"high\" width=\"679\" height=\"1024\" src=\"https:\/\/fribourg-olympic.ch\/wp-content\/uploads\/2026\/01\/Programme-europe-2024-2025-679x1024.png\" class=\"attachment-large size-large wp-image-3157\" alt=\"Europ\u00e4isches Programm 2024-2025\" decoding=\"async\" srcset=\"https:\/\/fribourg-olympic.ch\/wp-content\/uploads\/2026\/01\/Programme-europe-2024-2025-679x1024.png 679w, https:\/\/fribourg-olympic.ch\/wp-content\/uploads\/2026\/01\/Programme-europe-2024-2025-199x300.png 199w, https:\/\/fribourg-olympic.ch\/wp-content\/uploads\/2026\/01\/Programme-europe-2024-2025-768x1158.png 768w, https:\/\/fribourg-olympic.ch\/wp-content\/uploads\/2026\/01\/Programme-europe-2024-2025.png 1019w\" sizes=\"(max-width: 679px) 100vw, 679px\" \/>\t\t\t\t\t\t\t\t\t\t\t\t\t\t\t<\/div>\n\t\t\t\t\t<\/div>\n\t\t\t\t<\/div>\n\t\t\t\t<\/div>\n\t\t","protected":false},"excerpt":{"rendered":"<p>Zu Beginn der neuen Saison 2024\/2025 freuen wir uns, unseren Kader mit der Verpflichtung eines vierten ausl\u00e4ndischen Spielers zu vervollst\u00e4ndigen: Chimezie Offurum. Der 24-j\u00e4hrige, 202 cm gro\u00dfe US-Amerikaner spielt auf den Positionen 4-5-3 (Power Forward) und wechselt f\u00fcr ein Jahr zu den Freiburger. Er hat k\u00fcrzlich seine erste Profisaison bei C\u2019Chartres Basket (NM1 Frankreich) abgeschlossen, [&hellip;]<\/p>\n","protected":false},"author":1,"featured_media":3158,"comment_status":"open","ping_status":"open","sticky":false,"template":"","format":"standard","meta":{"_acf_changed":false,"footnotes":""},"categories":[35],"tags":[],"class_list":["post-3159","post","type-post","status-publish","format-standard","has-post-thumbnail","hentry","category-unkategorisiert"],"acf":[],"yoast_head":"<!-- This site is optimized with the Yoast SEO plugin v28.3 - https:\/\/yoast.com\/product\/yoast-seo-wordpress\/ -->\n<title>Fribourg Olympic mit vollst\u00e4ndigem Kader f\u00fcr die Saison 2024\/2025 - Fribourg Olympic Basket<\/title>\n<meta name=\"robots\" content=\"index, follow, max-snippet:-1, max-image-preview:large, max-video-preview:-1\" \/>\n<link rel=\"canonical\" href=\"https:\/\/fribourg-olympic.ch\/de\/fribourg-olympic-mit-vollstaendigem-kader-fuer-die-saison-2024-2025\/\" \/>\n<meta property=\"og:locale\" content=\"de_DE\" \/>\n<meta property=\"og:type\" content=\"article\" \/>\n<meta property=\"og:title\" content=\"Fribourg Olympic mit vollst\u00e4ndigem Kader f\u00fcr die Saison 2024\/2025 - Fribourg Olympic Basket\" \/>\n<meta property=\"og:description\" content=\"Zu Beginn der neuen Saison 2024\/2025 freuen wir uns, unseren Kader mit der Verpflichtung eines vierten ausl\u00e4ndischen Spielers zu vervollst\u00e4ndigen: Chimezie Offurum. Der 24-j\u00e4hrige, 202 cm gro\u00dfe US-Amerikaner spielt auf den Positionen 4-5-3 (Power Forward) und wechselt f\u00fcr ein Jahr zu den Freiburger. Er hat k\u00fcrzlich seine erste Profisaison bei C\u2019Chartres Basket (NM1 Frankreich) abgeschlossen, [&hellip;]\" \/>\n<meta property=\"og:url\" content=\"https:\/\/fribourg-olympic.ch\/de\/fribourg-olympic-mit-vollstaendigem-kader-fuer-die-saison-2024-2025\/\" \/>\n<meta property=\"og:site_name\" content=\"Fribourg Olympic Basket\" \/>\n<meta property=\"article:publisher\" content=\"https:\/\/www.facebook.com\/fribourgolympicbasketclub\" \/>\n<meta property=\"article:published_time\" content=\"2024-07-23T22:00:31+00:00\" \/>\n<meta property=\"article:modified_time\" content=\"2026-04-22T07:29:48+00:00\" \/>\n<meta property=\"og:image\" content=\"https:\/\/fribourg-olympic.ch\/wp-content\/uploads\/2026\/01\/Fribourg-Olympic-Basket-Saison-24-25.png\" \/>\n\t<meta property=\"og:image:width\" content=\"545\" \/>\n\t<meta property=\"og:image:height\" content=\"422\" \/>\n\t<meta property=\"og:image:type\" content=\"image\/png\" \/>\n<meta name=\"author\" content=\"PYD Production\" \/>\n<meta name=\"twitter:card\" content=\"summary_large_image\" \/>\n<meta name=\"twitter:label1\" content=\"Verfasst von\" \/>\n\t<meta name=\"twitter:data1\" content=\"PYD Production\" \/>\n\t<meta name=\"twitter:label2\" content=\"Gesch\u00e4tzte Lesezeit\" \/>\n\t<meta name=\"twitter:data2\" content=\"1\u00a0Minute\" \/>\n<script type=\"application\/ld+json\" class=\"yoast-schema-graph\">{\"@context\":\"https:\\\/\\\/schema.org\",\"@graph\":[{\"@type\":\"Article\",\"@id\":\"https:\\\/\\\/fribourg-olympic.ch\\\/de\\\/fribourg-olympic-mit-vollstaendigem-kader-fuer-die-saison-2024-2025\\\/#article\",\"isPartOf\":{\"@id\":\"https:\\\/\\\/fribourg-olympic.ch\\\/de\\\/fribourg-olympic-mit-vollstaendigem-kader-fuer-die-saison-2024-2025\\\/\"},\"author\":{\"name\":\"PYD Production\",\"@id\":\"https:\\\/\\\/fribourg-olympic.ch\\\/de\\\/#\\\/schema\\\/person\\\/6bf1c8a6637187575dca690bf8de58d2\"},\"headline\":\"Fribourg Olympic mit vollst\u00e4ndigem Kader f\u00fcr die Saison 2024\\\/2025\",\"datePublished\":\"2024-07-23T22:00:31+00:00\",\"dateModified\":\"2026-04-22T07:29:48+00:00\",\"mainEntityOfPage\":{\"@id\":\"https:\\\/\\\/fribourg-olympic.ch\\\/de\\\/fribourg-olympic-mit-vollstaendigem-kader-fuer-die-saison-2024-2025\\\/\"},\"wordCount\":247,\"commentCount\":0,\"publisher\":{\"@id\":\"https:\\\/\\\/fribourg-olympic.ch\\\/de\\\/#organization\"},\"image\":{\"@id\":\"https:\\\/\\\/fribourg-olympic.ch\\\/de\\\/fribourg-olympic-mit-vollstaendigem-kader-fuer-die-saison-2024-2025\\\/#primaryimage\"},\"thumbnailUrl\":\"https:\\\/\\\/fribourg-olympic.ch\\\/wp-content\\\/uploads\\\/2026\\\/01\\\/Fribourg-Olympic-Basket-Saison-24-25.png\",\"articleSection\":[\"Unkategorisiert\"],\"inLanguage\":\"de\",\"potentialAction\":[{\"@type\":\"CommentAction\",\"name\":\"Comment\",\"target\":[\"https:\\\/\\\/fribourg-olympic.ch\\\/de\\\/fribourg-olympic-mit-vollstaendigem-kader-fuer-die-saison-2024-2025\\\/#respond\"]}]},{\"@type\":\"WebPage\",\"@id\":\"https:\\\/\\\/fribourg-olympic.ch\\\/de\\\/fribourg-olympic-mit-vollstaendigem-kader-fuer-die-saison-2024-2025\\\/\",\"url\":\"https:\\\/\\\/fribourg-olympic.ch\\\/de\\\/fribourg-olympic-mit-vollstaendigem-kader-fuer-die-saison-2024-2025\\\/\",\"name\":\"Fribourg Olympic mit vollst\u00e4ndigem Kader f\u00fcr die Saison 2024\\\/2025 - Fribourg Olympic Basket\",\"isPartOf\":{\"@id\":\"https:\\\/\\\/fribourg-olympic.ch\\\/de\\\/#website\"},\"primaryImageOfPage\":{\"@id\":\"https:\\\/\\\/fribourg-olympic.ch\\\/de\\\/fribourg-olympic-mit-vollstaendigem-kader-fuer-die-saison-2024-2025\\\/#primaryimage\"},\"image\":{\"@id\":\"https:\\\/\\\/fribourg-olympic.ch\\\/de\\\/fribourg-olympic-mit-vollstaendigem-kader-fuer-die-saison-2024-2025\\\/#primaryimage\"},\"thumbnailUrl\":\"https:\\\/\\\/fribourg-olympic.ch\\\/wp-content\\\/uploads\\\/2026\\\/01\\\/Fribourg-Olympic-Basket-Saison-24-25.png\",\"datePublished\":\"2024-07-23T22:00:31+00:00\",\"dateModified\":\"2026-04-22T07:29:48+00:00\",\"breadcrumb\":{\"@id\":\"https:\\\/\\\/fribourg-olympic.ch\\\/de\\\/fribourg-olympic-mit-vollstaendigem-kader-fuer-die-saison-2024-2025\\\/#breadcrumb\"},\"inLanguage\":\"de\",\"potentialAction\":[{\"@type\":\"ReadAction\",\"target\":[\"https:\\\/\\\/fribourg-olympic.ch\\\/de\\\/fribourg-olympic-mit-vollstaendigem-kader-fuer-die-saison-2024-2025\\\/\"]}]},{\"@type\":\"ImageObject\",\"inLanguage\":\"de\",\"@id\":\"https:\\\/\\\/fribourg-olympic.ch\\\/de\\\/fribourg-olympic-mit-vollstaendigem-kader-fuer-die-saison-2024-2025\\\/#primaryimage\",\"url\":\"https:\\\/\\\/fribourg-olympic.ch\\\/wp-content\\\/uploads\\\/2026\\\/01\\\/Fribourg-Olympic-Basket-Saison-24-25.png\",\"contentUrl\":\"https:\\\/\\\/fribourg-olympic.ch\\\/wp-content\\\/uploads\\\/2026\\\/01\\\/Fribourg-Olympic-Basket-Saison-24-25.png\",\"width\":545,\"height\":422,\"caption\":\"Fribourg Olympic Basket Saison 24-25 Chimezie Offurum\"},{\"@type\":\"BreadcrumbList\",\"@id\":\"https:\\\/\\\/fribourg-olympic.ch\\\/de\\\/fribourg-olympic-mit-vollstaendigem-kader-fuer-die-saison-2024-2025\\\/#breadcrumb\",\"itemListElement\":[{\"@type\":\"ListItem\",\"position\":1,\"name\":\"Accueil\",\"item\":\"https:\\\/\\\/fribourg-olympic.ch\\\/de\\\/home\\\/\"},{\"@type\":\"ListItem\",\"position\":2,\"name\":\"Fribourg Olympic mit vollst\u00e4ndigem Kader f\u00fcr die Saison 2024\\\/2025\"}]},{\"@type\":\"WebSite\",\"@id\":\"https:\\\/\\\/fribourg-olympic.ch\\\/de\\\/#website\",\"url\":\"https:\\\/\\\/fribourg-olympic.ch\\\/de\\\/\",\"name\":\"Fribourg Olympic Basket\",\"description\":\"Site officiel du club\",\"publisher\":{\"@id\":\"https:\\\/\\\/fribourg-olympic.ch\\\/de\\\/#organization\"},\"alternateName\":\"Fribourg Olympic\",\"potentialAction\":[{\"@type\":\"SearchAction\",\"target\":{\"@type\":\"EntryPoint\",\"urlTemplate\":\"https:\\\/\\\/fribourg-olympic.ch\\\/de\\\/?s={search_term_string}\"},\"query-input\":{\"@type\":\"PropertyValueSpecification\",\"valueRequired\":true,\"valueName\":\"search_term_string\"}}],\"inLanguage\":\"de\"},{\"@type\":\"Organization\",\"@id\":\"https:\\\/\\\/fribourg-olympic.ch\\\/de\\\/#organization\",\"name\":\"Fribourg Olympic Basket\",\"alternateName\":\"Fribourg Olympic\",\"url\":\"https:\\\/\\\/fribourg-olympic.ch\\\/de\\\/\",\"logo\":{\"@type\":\"ImageObject\",\"inLanguage\":\"de\",\"@id\":\"https:\\\/\\\/fribourg-olympic.ch\\\/de\\\/#\\\/schema\\\/logo\\\/image\\\/\",\"url\":\"https:\\\/\\\/fribourg-olympic.ch\\\/wp-content\\\/uploads\\\/2025\\\/12\\\/LOGO.png\",\"contentUrl\":\"https:\\\/\\\/fribourg-olympic.ch\\\/wp-content\\\/uploads\\\/2025\\\/12\\\/LOGO.png\",\"width\":1360,\"height\":1513,\"caption\":\"Fribourg Olympic Basket\"},\"image\":{\"@id\":\"https:\\\/\\\/fribourg-olympic.ch\\\/de\\\/#\\\/schema\\\/logo\\\/image\\\/\"},\"sameAs\":[\"https:\\\/\\\/www.facebook.com\\\/fribourgolympicbasketclub\",\"https:\\\/\\\/www.instagram.com\\\/fribourgolympicbasket\\\/\",\"https:\\\/\\\/www.youtube.com\\\/channel\\\/UCpT-UN5g9akLurgyo2KbSZg\",\"https:\\\/\\\/www.linkedin.com\\\/company\\\/fribourg-olympic-basket\\\/\",\"https:\\\/\\\/www.tiktok.com\\\/@fribourgolympicbasket\"]},{\"@type\":\"Person\",\"@id\":\"https:\\\/\\\/fribourg-olympic.ch\\\/de\\\/#\\\/schema\\\/person\\\/6bf1c8a6637187575dca690bf8de58d2\",\"name\":\"PYD Production\",\"sameAs\":[\"https:\\\/\\\/new.fribourg-olympic.ch\"],\"url\":\"https:\\\/\\\/fribourg-olympic.ch\\\/de\\\/author\\\/pyd-production\\\/\"}]}<\/script>\n<!-- \/ Yoast SEO plugin. -->","yoast_head_json":{"title":"Fribourg Olympic mit vollst\u00e4ndigem Kader f\u00fcr die Saison 2024\/2025 - Fribourg Olympic Basket","robots":{"index":"index","follow":"follow","max-snippet":"max-snippet:-1","max-image-preview":"max-image-preview:large","max-video-preview":"max-video-preview:-1"},"canonical":"https:\/\/fribourg-olympic.ch\/de\/fribourg-olympic-mit-vollstaendigem-kader-fuer-die-saison-2024-2025\/","og_locale":"de_DE","og_type":"article","og_title":"Fribourg Olympic mit vollst\u00e4ndigem Kader f\u00fcr die Saison 2024\/2025 - Fribourg Olympic Basket","og_description":"Zu Beginn der neuen Saison 2024\/2025 freuen wir uns, unseren Kader mit der Verpflichtung eines vierten ausl\u00e4ndischen Spielers zu vervollst\u00e4ndigen: Chimezie Offurum. Der 24-j\u00e4hrige, 202 cm gro\u00dfe US-Amerikaner spielt auf den Positionen 4-5-3 (Power Forward) und wechselt f\u00fcr ein Jahr zu den Freiburger. Er hat k\u00fcrzlich seine erste Profisaison bei C\u2019Chartres Basket (NM1 Frankreich) abgeschlossen, [&hellip;]","og_url":"https:\/\/fribourg-olympic.ch\/de\/fribourg-olympic-mit-vollstaendigem-kader-fuer-die-saison-2024-2025\/","og_site_name":"Fribourg Olympic Basket","article_publisher":"https:\/\/www.facebook.com\/fribourgolympicbasketclub","article_published_time":"2024-07-23T22:00:31+00:00","article_modified_time":"2026-04-22T07:29:48+00:00","og_image":[{"width":545,"height":422,"url":"https:\/\/fribourg-olympic.ch\/wp-content\/uploads\/2026\/01\/Fribourg-Olympic-Basket-Saison-24-25.png","type":"image\/png"}],"author":"PYD Production","twitter_card":"summary_large_image","twitter_misc":{"Verfasst von":"PYD Production","Gesch\u00e4tzte Lesezeit":"1\u00a0Minute"},"schema":{"@context":"https:\/\/schema.org","@graph":[{"@type":"Article","@id":"https:\/\/fribourg-olympic.ch\/de\/fribourg-olympic-mit-vollstaendigem-kader-fuer-die-saison-2024-2025\/#article","isPartOf":{"@id":"https:\/\/fribourg-olympic.ch\/de\/fribourg-olympic-mit-vollstaendigem-kader-fuer-die-saison-2024-2025\/"},"author":{"name":"PYD Production","@id":"https:\/\/fribourg-olympic.ch\/de\/#\/schema\/person\/6bf1c8a6637187575dca690bf8de58d2"},"headline":"Fribourg Olympic mit vollst\u00e4ndigem Kader f\u00fcr die Saison 2024\/2025","datePublished":"2024-07-23T22:00:31+00:00","dateModified":"2026-04-22T07:29:48+00:00","mainEntityOfPage":{"@id":"https:\/\/fribourg-olympic.ch\/de\/fribourg-olympic-mit-vollstaendigem-kader-fuer-die-saison-2024-2025\/"},"wordCount":247,"commentCount":0,"publisher":{"@id":"https:\/\/fribourg-olympic.ch\/de\/#organization"},"image":{"@id":"https:\/\/fribourg-olympic.ch\/de\/fribourg-olympic-mit-vollstaendigem-kader-fuer-die-saison-2024-2025\/#primaryimage"},"thumbnailUrl":"https:\/\/fribourg-olympic.ch\/wp-content\/uploads\/2026\/01\/Fribourg-Olympic-Basket-Saison-24-25.png","articleSection":["Unkategorisiert"],"inLanguage":"de","potentialAction":[{"@type":"CommentAction","name":"Comment","target":["https:\/\/fribourg-olympic.ch\/de\/fribourg-olympic-mit-vollstaendigem-kader-fuer-die-saison-2024-2025\/#respond"]}]},{"@type":"WebPage","@id":"https:\/\/fribourg-olympic.ch\/de\/fribourg-olympic-mit-vollstaendigem-kader-fuer-die-saison-2024-2025\/","url":"https:\/\/fribourg-olympic.ch\/de\/fribourg-olympic-mit-vollstaendigem-kader-fuer-die-saison-2024-2025\/","name":"Fribourg Olympic mit vollst\u00e4ndigem Kader f\u00fcr die Saison 2024\/2025 - Fribourg Olympic Basket","isPartOf":{"@id":"https:\/\/fribourg-olympic.ch\/de\/#website"},"primaryImageOfPage":{"@id":"https:\/\/fribourg-olympic.ch\/de\/fribourg-olympic-mit-vollstaendigem-kader-fuer-die-saison-2024-2025\/#primaryimage"},"image":{"@id":"https:\/\/fribourg-olympic.ch\/de\/fribourg-olympic-mit-vollstaendigem-kader-fuer-die-saison-2024-2025\/#primaryimage"},"thumbnailUrl":"https:\/\/fribourg-olympic.ch\/wp-content\/uploads\/2026\/01\/Fribourg-Olympic-Basket-Saison-24-25.png","datePublished":"2024-07-23T22:00:31+00:00","dateModified":"2026-04-22T07:29:48+00:00","breadcrumb":{"@id":"https:\/\/fribourg-olympic.ch\/de\/fribourg-olympic-mit-vollstaendigem-kader-fuer-die-saison-2024-2025\/#breadcrumb"},"inLanguage":"de","potentialAction":[{"@type":"ReadAction","target":["https:\/\/fribourg-olympic.ch\/de\/fribourg-olympic-mit-vollstaendigem-kader-fuer-die-saison-2024-2025\/"]}]},{"@type":"ImageObject","inLanguage":"de","@id":"https:\/\/fribourg-olympic.ch\/de\/fribourg-olympic-mit-vollstaendigem-kader-fuer-die-saison-2024-2025\/#primaryimage","url":"https:\/\/fribourg-olympic.ch\/wp-content\/uploads\/2026\/01\/Fribourg-Olympic-Basket-Saison-24-25.png","contentUrl":"https:\/\/fribourg-olympic.ch\/wp-content\/uploads\/2026\/01\/Fribourg-Olympic-Basket-Saison-24-25.png","width":545,"height":422,"caption":"Fribourg Olympic Basket Saison 24-25 Chimezie Offurum"},{"@type":"BreadcrumbList","@id":"https:\/\/fribourg-olympic.ch\/de\/fribourg-olympic-mit-vollstaendigem-kader-fuer-die-saison-2024-2025\/#breadcrumb","itemListElement":[{"@type":"ListItem","position":1,"name":"Accueil","item":"https:\/\/fribourg-olympic.ch\/de\/home\/"},{"@type":"ListItem","position":2,"name":"Fribourg Olympic mit vollst\u00e4ndigem Kader f\u00fcr die Saison 2024\/2025"}]},{"@type":"WebSite","@id":"https:\/\/fribourg-olympic.ch\/de\/#website","url":"https:\/\/fribourg-olympic.ch\/de\/","name":"Fribourg Olympic Basket","description":"Site officiel du club","publisher":{"@id":"https:\/\/fribourg-olympic.ch\/de\/#organization"},"alternateName":"Fribourg Olympic","potentialAction":[{"@type":"SearchAction","target":{"@type":"EntryPoint","urlTemplate":"https:\/\/fribourg-olympic.ch\/de\/?s={search_term_string}"},"query-input":{"@type":"PropertyValueSpecification","valueRequired":true,"valueName":"search_term_string"}}],"inLanguage":"de"},{"@type":"Organization","@id":"https:\/\/fribourg-olympic.ch\/de\/#organization","name":"Fribourg Olympic Basket","alternateName":"Fribourg Olympic","url":"https:\/\/fribourg-olympic.ch\/de\/","logo":{"@type":"ImageObject","inLanguage":"de","@id":"https:\/\/fribourg-olympic.ch\/de\/#\/schema\/logo\/image\/","url":"https:\/\/fribourg-olympic.ch\/wp-content\/uploads\/2025\/12\/LOGO.png","contentUrl":"https:\/\/fribourg-olympic.ch\/wp-content\/uploads\/2025\/12\/LOGO.png","width":1360,"height":1513,"caption":"Fribourg Olympic Basket"},"image":{"@id":"https:\/\/fribourg-olympic.ch\/de\/#\/schema\/logo\/image\/"},"sameAs":["https:\/\/www.facebook.com\/fribourgolympicbasketclub","https:\/\/www.instagram.com\/fribourgolympicbasket\/","https:\/\/www.youtube.com\/channel\/UCpT-UN5g9akLurgyo2KbSZg","https:\/\/www.linkedin.com\/company\/fribourg-olympic-basket\/","https:\/\/www.tiktok.com\/@fribourgolympicbasket"]},{"@type":"Person","@id":"https:\/\/fribourg-olympic.ch\/de\/#\/schema\/person\/6bf1c8a6637187575dca690bf8de58d2","name":"PYD Production","sameAs":["https:\/\/new.fribourg-olympic.ch"],"url":"https:\/\/fribourg-olympic.ch\/de\/author\/pyd-production\/"}]}},"_links":{"self":[{"href":"https:\/\/fribourg-olympic.ch\/de\/wp-json\/wp\/v2\/posts\/3159","targetHints":{"allow":["GET"]}}],"collection":[{"href":"https:\/\/fribourg-olympic.ch\/de\/wp-json\/wp\/v2\/posts"}],"about":[{"href":"https:\/\/fribourg-olympic.ch\/de\/wp-json\/wp\/v2\/types\/post"}],"author":[{"embeddable":true,"href":"https:\/\/fribourg-olympic.ch\/de\/wp-json\/wp\/v2\/users\/1"}],"replies":[{"embeddable":true,"href":"https:\/\/fribourg-olympic.ch\/de\/wp-json\/wp\/v2\/comments?post=3159"}],"version-history":[{"count":1,"href":"https:\/\/fribourg-olympic.ch\/de\/wp-json\/wp\/v2\/posts\/3159\/revisions"}],"predecessor-version":[{"id":3160,"href":"https:\/\/fribourg-olympic.ch\/de\/wp-json\/wp\/v2\/posts\/3159\/revisions\/3160"}],"wp:featuredmedia":[{"embeddable":true,"href":"https:\/\/fribourg-olympic.ch\/de\/wp-json\/wp\/v2\/media\/3158"}],"wp:attachment":[{"href":"https:\/\/fribourg-olympic.ch\/de\/wp-json\/wp\/v2\/media?parent=3159"}],"wp:term":[{"taxonomy":"category","embeddable":true,"href":"https:\/\/fribourg-olympic.ch\/de\/wp-json\/wp\/v2\/categories?post=3159"},{"taxonomy":"post_tag","embeddable":true,"href":"https:\/\/fribourg-olympic.ch\/de\/wp-json\/wp\/v2\/tags?post=3159"}],"curies":[{"name":"wp","href":"https:\/\/api.w.org\/{rel}","templated":true}]}}