{"id":3155,"date":"2024-07-24T00:00:31","date_gmt":"2024-07-23T22:00:31","guid":{"rendered":"https:\/\/new.fribourg-olympic.ch\/fribourg-olympics-full-squad-for-the-2024-2025-season\/"},"modified":"2026-04-22T09:16:56","modified_gmt":"2026-04-22T07:16:56","slug":"fribourg-olympics-full-squad-for-the-2024-2025-season","status":"publish","type":"post","link":"https:\/\/fribourg-olympic.ch\/en\/fribourg-olympics-full-squad-for-the-2024-2025-season\/","title":{"rendered":"Fribourg Olympic\u2019s full squad for the 2024\u20132025 season"},"content":{"rendered":"\t\t<div data-elementor-type=\"wp-post\" data-elementor-id=\"3155\" class=\"elementor elementor-3155 elementor-1193\" data-elementor-post-type=\"post\">\n\t\t\t\t<div class=\"elementor-element elementor-element-ebcf815 e-flex e-con-boxed e-con e-parent\" data-id=\"ebcf815\" data-element_type=\"container\" data-e-type=\"container\">\n\t\t\t\t\t<div class=\"e-con-inner\">\n\t\t\t\t<div class=\"elementor-element elementor-element-a943cfb elementor-widget elementor-widget-text-editor\" data-id=\"a943cfb\" data-element_type=\"widget\" data-e-type=\"widget\" data-widget_type=\"text-editor.default\">\n\t\t\t\t\t\t\t\t\t<p><strong>As we look ahead to the new 2024\/2025 season, we are delighted to complete our squad by signing a fourth foreign player: Chimezie Offurum.<\/strong><\/p><p>The 24-year-old American, who stands at 202 cm, plays in the power forward position and has joined the Fribourg squad on a one-year contract. He recently completed his first professional season with C\u2019Chartres Basket (NM1 France), where he recorded the following statistics: 11.1 points, 4.9 rebounds and 1.9 assists per game. <\/p><p>A graduate of George Washington University, where he played in NCAA Division 1, he brings with him an athletic prowess that will strengthen the team for the coming season. We are delighted to welcome Chimezie Offurum and are confident that he will contribute to our team\u2019s future success. <\/p><p>Nous lui souhaitons d\u2019ores et d\u00e9j\u00e0 la bienvenue et attendons avec impatience de le voir en action sur le parquet fribourgeois d\u00e8s la reprise des entra\u00eenements dans deux semaines d\u00e9j\u00e0.<\/p><p>This brings our recruitment for the 2024\u20132025 season to a close, during which we will be competing in four tournaments. The number and frequency of matches, as well as the physical toll of travelling, will provide ample opportunity for young players to support our experienced professionals and continue their development through competitive experience at the highest level. <\/p><p>We are thus continuing our development and training policy by bringing in young players in collaboration with our academy.<\/p>\t\t\t\t\t\t\t\t<\/div>\n\t\t\t\t<div class=\"elementor-element elementor-element-052b71b elementor-widget elementor-widget-heading\" data-id=\"052b71b\" data-element_type=\"widget\" data-e-type=\"widget\" data-widget_type=\"heading.default\">\n\t\t\t\t\t<p class=\"elementor-heading-title elementor-size-default\">European programme<\/p>\t\t\t\t<\/div>\n\t\t\t\t<div class=\"elementor-element elementor-element-b11738f elementor-widget elementor-widget-image\" data-id=\"b11738f\" data-element_type=\"widget\" data-e-type=\"widget\" data-widget_type=\"image.default\">\n\t\t\t\t\t\t\t\t\t\t\t\t\t\t\t<img fetchpriority=\"high\" width=\"679\" height=\"1024\" src=\"https:\/\/fribourg-olympic.ch\/wp-content\/uploads\/2026\/01\/Programme-europe-2024-2025-679x1024.png\" class=\"attachment-large size-large wp-image-3153\" alt=\"European programme 2024-2025\" decoding=\"async\" srcset=\"https:\/\/fribourg-olympic.ch\/wp-content\/uploads\/2026\/01\/Programme-europe-2024-2025-679x1024.png 679w, https:\/\/fribourg-olympic.ch\/wp-content\/uploads\/2026\/01\/Programme-europe-2024-2025-199x300.png 199w, https:\/\/fribourg-olympic.ch\/wp-content\/uploads\/2026\/01\/Programme-europe-2024-2025-768x1158.png 768w, https:\/\/fribourg-olympic.ch\/wp-content\/uploads\/2026\/01\/Programme-europe-2024-2025.png 1019w\" sizes=\"(max-width: 679px) 100vw, 679px\" \/>\t\t\t\t\t\t\t\t\t\t\t\t\t\t\t<\/div>\n\t\t\t\t\t<\/div>\n\t\t\t\t<\/div>\n\t\t\t\t<\/div>\n\t\t","protected":false},"excerpt":{"rendered":"<p>As we look ahead to the new 2024\/2025 season, we are delighted to complete our squad by signing a fourth foreign player: Chimezie Offurum. The 24-year-old American, who stands at 202 cm, plays in the power forward position and has joined the Fribourg squad on a one-year contract. He recently completed his first professional season [&hellip;]<\/p>\n","protected":false},"author":1,"featured_media":3154,"comment_status":"open","ping_status":"open","sticky":false,"template":"","format":"standard","meta":{"_acf_changed":false,"footnotes":""},"categories":[1],"tags":[],"class_list":["post-3155","post","type-post","status-publish","format-standard","has-post-thumbnail","hentry","category-non-classe"],"acf":[],"yoast_head":"<!-- This site is optimized with the Yoast SEO plugin v28.3 - https:\/\/yoast.com\/product\/yoast-seo-wordpress\/ -->\n<title>Fribourg Olympic\u2019s full squad for the 2024\u20132025 season - Fribourg Olympic Basket<\/title>\n<meta name=\"robots\" content=\"index, follow, max-snippet:-1, max-image-preview:large, max-video-preview:-1\" \/>\n<link rel=\"canonical\" href=\"https:\/\/fribourg-olympic.ch\/en\/fribourg-olympics-full-squad-for-the-2024-2025-season\/\" \/>\n<meta property=\"og:locale\" content=\"en_US\" \/>\n<meta property=\"og:type\" content=\"article\" \/>\n<meta property=\"og:title\" content=\"Fribourg Olympic\u2019s full squad for the 2024\u20132025 season - Fribourg Olympic Basket\" \/>\n<meta property=\"og:description\" content=\"As we look ahead to the new 2024\/2025 season, we are delighted to complete our squad by signing a fourth foreign player: Chimezie Offurum. The 24-year-old American, who stands at 202 cm, plays in the power forward position and has joined the Fribourg squad on a one-year contract. He recently completed his first professional season [&hellip;]\" \/>\n<meta property=\"og:url\" content=\"https:\/\/fribourg-olympic.ch\/en\/fribourg-olympics-full-squad-for-the-2024-2025-season\/\" \/>\n<meta property=\"og:site_name\" content=\"Fribourg Olympic Basket\" \/>\n<meta property=\"article:publisher\" content=\"https:\/\/www.facebook.com\/fribourgolympicbasketclub\" \/>\n<meta property=\"article:published_time\" content=\"2024-07-23T22:00:31+00:00\" \/>\n<meta property=\"article:modified_time\" content=\"2026-04-22T07:16:56+00:00\" \/>\n<meta property=\"og:image\" content=\"https:\/\/fribourg-olympic.ch\/wp-content\/uploads\/2026\/01\/Fribourg-Olympic-Basket-Saison-24-25.png\" \/>\n\t<meta property=\"og:image:width\" content=\"545\" \/>\n\t<meta property=\"og:image:height\" content=\"422\" \/>\n\t<meta property=\"og:image:type\" content=\"image\/png\" \/>\n<meta name=\"author\" content=\"PYD Production\" \/>\n<meta name=\"twitter:card\" content=\"summary_large_image\" \/>\n<meta name=\"twitter:label1\" content=\"Written by\" \/>\n\t<meta name=\"twitter:data1\" content=\"PYD Production\" \/>\n\t<meta name=\"twitter:label2\" content=\"Est. reading time\" \/>\n\t<meta name=\"twitter:data2\" content=\"1 minute\" \/>\n<script type=\"application\/ld+json\" class=\"yoast-schema-graph\">{\"@context\":\"https:\\\/\\\/schema.org\",\"@graph\":[{\"@type\":\"Article\",\"@id\":\"https:\\\/\\\/fribourg-olympic.ch\\\/en\\\/fribourg-olympics-full-squad-for-the-2024-2025-season\\\/#article\",\"isPartOf\":{\"@id\":\"https:\\\/\\\/fribourg-olympic.ch\\\/en\\\/fribourg-olympics-full-squad-for-the-2024-2025-season\\\/\"},\"author\":{\"name\":\"PYD Production\",\"@id\":\"https:\\\/\\\/fribourg-olympic.ch\\\/en\\\/#\\\/schema\\\/person\\\/6bf1c8a6637187575dca690bf8de58d2\"},\"headline\":\"Fribourg Olympic\u2019s full squad for the 2024\u20132025 season\",\"datePublished\":\"2024-07-23T22:00:31+00:00\",\"dateModified\":\"2026-04-22T07:16:56+00:00\",\"mainEntityOfPage\":{\"@id\":\"https:\\\/\\\/fribourg-olympic.ch\\\/en\\\/fribourg-olympics-full-squad-for-the-2024-2025-season\\\/\"},\"wordCount\":239,\"commentCount\":0,\"publisher\":{\"@id\":\"https:\\\/\\\/fribourg-olympic.ch\\\/en\\\/#organization\"},\"image\":{\"@id\":\"https:\\\/\\\/fribourg-olympic.ch\\\/en\\\/fribourg-olympics-full-squad-for-the-2024-2025-season\\\/#primaryimage\"},\"thumbnailUrl\":\"https:\\\/\\\/fribourg-olympic.ch\\\/wp-content\\\/uploads\\\/2026\\\/01\\\/Fribourg-Olympic-Basket-Saison-24-25.png\",\"articleSection\":[\"Non class\u00e9\"],\"inLanguage\":\"en-US\",\"potentialAction\":[{\"@type\":\"CommentAction\",\"name\":\"Comment\",\"target\":[\"https:\\\/\\\/fribourg-olympic.ch\\\/en\\\/fribourg-olympics-full-squad-for-the-2024-2025-season\\\/#respond\"]}]},{\"@type\":\"WebPage\",\"@id\":\"https:\\\/\\\/fribourg-olympic.ch\\\/en\\\/fribourg-olympics-full-squad-for-the-2024-2025-season\\\/\",\"url\":\"https:\\\/\\\/fribourg-olympic.ch\\\/en\\\/fribourg-olympics-full-squad-for-the-2024-2025-season\\\/\",\"name\":\"Fribourg Olympic\u2019s full squad for the 2024\u20132025 season - Fribourg Olympic Basket\",\"isPartOf\":{\"@id\":\"https:\\\/\\\/fribourg-olympic.ch\\\/en\\\/#website\"},\"primaryImageOfPage\":{\"@id\":\"https:\\\/\\\/fribourg-olympic.ch\\\/en\\\/fribourg-olympics-full-squad-for-the-2024-2025-season\\\/#primaryimage\"},\"image\":{\"@id\":\"https:\\\/\\\/fribourg-olympic.ch\\\/en\\\/fribourg-olympics-full-squad-for-the-2024-2025-season\\\/#primaryimage\"},\"thumbnailUrl\":\"https:\\\/\\\/fribourg-olympic.ch\\\/wp-content\\\/uploads\\\/2026\\\/01\\\/Fribourg-Olympic-Basket-Saison-24-25.png\",\"datePublished\":\"2024-07-23T22:00:31+00:00\",\"dateModified\":\"2026-04-22T07:16:56+00:00\",\"breadcrumb\":{\"@id\":\"https:\\\/\\\/fribourg-olympic.ch\\\/en\\\/fribourg-olympics-full-squad-for-the-2024-2025-season\\\/#breadcrumb\"},\"inLanguage\":\"en-US\",\"potentialAction\":[{\"@type\":\"ReadAction\",\"target\":[\"https:\\\/\\\/fribourg-olympic.ch\\\/en\\\/fribourg-olympics-full-squad-for-the-2024-2025-season\\\/\"]}]},{\"@type\":\"ImageObject\",\"inLanguage\":\"en-US\",\"@id\":\"https:\\\/\\\/fribourg-olympic.ch\\\/en\\\/fribourg-olympics-full-squad-for-the-2024-2025-season\\\/#primaryimage\",\"url\":\"https:\\\/\\\/fribourg-olympic.ch\\\/wp-content\\\/uploads\\\/2026\\\/01\\\/Fribourg-Olympic-Basket-Saison-24-25.png\",\"contentUrl\":\"https:\\\/\\\/fribourg-olympic.ch\\\/wp-content\\\/uploads\\\/2026\\\/01\\\/Fribourg-Olympic-Basket-Saison-24-25.png\",\"width\":545,\"height\":422,\"caption\":\"Fribourg Olympic Basket Saison 24-25 Chimezie Offurum\"},{\"@type\":\"BreadcrumbList\",\"@id\":\"https:\\\/\\\/fribourg-olympic.ch\\\/en\\\/fribourg-olympics-full-squad-for-the-2024-2025-season\\\/#breadcrumb\",\"itemListElement\":[{\"@type\":\"ListItem\",\"position\":1,\"name\":\"Accueil\",\"item\":\"https:\\\/\\\/fribourg-olympic.ch\\\/en\\\/home\\\/\"},{\"@type\":\"ListItem\",\"position\":2,\"name\":\"Fribourg Olympic\u2019s full squad for the 2024\u20132025 season\"}]},{\"@type\":\"WebSite\",\"@id\":\"https:\\\/\\\/fribourg-olympic.ch\\\/en\\\/#website\",\"url\":\"https:\\\/\\\/fribourg-olympic.ch\\\/en\\\/\",\"name\":\"Fribourg Olympic Basket\",\"description\":\"Site officiel du club\",\"publisher\":{\"@id\":\"https:\\\/\\\/fribourg-olympic.ch\\\/en\\\/#organization\"},\"alternateName\":\"Fribourg Olympic\",\"potentialAction\":[{\"@type\":\"SearchAction\",\"target\":{\"@type\":\"EntryPoint\",\"urlTemplate\":\"https:\\\/\\\/fribourg-olympic.ch\\\/en\\\/?s={search_term_string}\"},\"query-input\":{\"@type\":\"PropertyValueSpecification\",\"valueRequired\":true,\"valueName\":\"search_term_string\"}}],\"inLanguage\":\"en-US\"},{\"@type\":\"Organization\",\"@id\":\"https:\\\/\\\/fribourg-olympic.ch\\\/en\\\/#organization\",\"name\":\"Fribourg Olympic Basket\",\"alternateName\":\"Fribourg Olympic\",\"url\":\"https:\\\/\\\/fribourg-olympic.ch\\\/en\\\/\",\"logo\":{\"@type\":\"ImageObject\",\"inLanguage\":\"en-US\",\"@id\":\"https:\\\/\\\/fribourg-olympic.ch\\\/en\\\/#\\\/schema\\\/logo\\\/image\\\/\",\"url\":\"https:\\\/\\\/fribourg-olympic.ch\\\/wp-content\\\/uploads\\\/2025\\\/12\\\/LOGO.png\",\"contentUrl\":\"https:\\\/\\\/fribourg-olympic.ch\\\/wp-content\\\/uploads\\\/2025\\\/12\\\/LOGO.png\",\"width\":1360,\"height\":1513,\"caption\":\"Fribourg Olympic Basket\"},\"image\":{\"@id\":\"https:\\\/\\\/fribourg-olympic.ch\\\/en\\\/#\\\/schema\\\/logo\\\/image\\\/\"},\"sameAs\":[\"https:\\\/\\\/www.facebook.com\\\/fribourgolympicbasketclub\",\"https:\\\/\\\/www.instagram.com\\\/fribourgolympicbasket\\\/\",\"https:\\\/\\\/www.youtube.com\\\/channel\\\/UCpT-UN5g9akLurgyo2KbSZg\",\"https:\\\/\\\/www.linkedin.com\\\/company\\\/fribourg-olympic-basket\\\/\",\"https:\\\/\\\/www.tiktok.com\\\/@fribourgolympicbasket\"]},{\"@type\":\"Person\",\"@id\":\"https:\\\/\\\/fribourg-olympic.ch\\\/en\\\/#\\\/schema\\\/person\\\/6bf1c8a6637187575dca690bf8de58d2\",\"name\":\"PYD Production\",\"sameAs\":[\"https:\\\/\\\/new.fribourg-olympic.ch\"],\"url\":\"https:\\\/\\\/fribourg-olympic.ch\\\/en\\\/author\\\/pyd-production\\\/\"}]}<\/script>\n<!-- \/ Yoast SEO plugin. -->","yoast_head_json":{"title":"Fribourg Olympic\u2019s full squad for the 2024\u20132025 season - Fribourg Olympic Basket","robots":{"index":"index","follow":"follow","max-snippet":"max-snippet:-1","max-image-preview":"max-image-preview:large","max-video-preview":"max-video-preview:-1"},"canonical":"https:\/\/fribourg-olympic.ch\/en\/fribourg-olympics-full-squad-for-the-2024-2025-season\/","og_locale":"en_US","og_type":"article","og_title":"Fribourg Olympic\u2019s full squad for the 2024\u20132025 season - Fribourg Olympic Basket","og_description":"As we look ahead to the new 2024\/2025 season, we are delighted to complete our squad by signing a fourth foreign player: Chimezie Offurum. The 24-year-old American, who stands at 202 cm, plays in the power forward position and has joined the Fribourg squad on a one-year contract. He recently completed his first professional season [&hellip;]","og_url":"https:\/\/fribourg-olympic.ch\/en\/fribourg-olympics-full-squad-for-the-2024-2025-season\/","og_site_name":"Fribourg Olympic Basket","article_publisher":"https:\/\/www.facebook.com\/fribourgolympicbasketclub","article_published_time":"2024-07-23T22:00:31+00:00","article_modified_time":"2026-04-22T07:16:56+00:00","og_image":[{"width":545,"height":422,"url":"https:\/\/fribourg-olympic.ch\/wp-content\/uploads\/2026\/01\/Fribourg-Olympic-Basket-Saison-24-25.png","type":"image\/png"}],"author":"PYD Production","twitter_card":"summary_large_image","twitter_misc":{"Written by":"PYD Production","Est. reading time":"1 minute"},"schema":{"@context":"https:\/\/schema.org","@graph":[{"@type":"Article","@id":"https:\/\/fribourg-olympic.ch\/en\/fribourg-olympics-full-squad-for-the-2024-2025-season\/#article","isPartOf":{"@id":"https:\/\/fribourg-olympic.ch\/en\/fribourg-olympics-full-squad-for-the-2024-2025-season\/"},"author":{"name":"PYD Production","@id":"https:\/\/fribourg-olympic.ch\/en\/#\/schema\/person\/6bf1c8a6637187575dca690bf8de58d2"},"headline":"Fribourg Olympic\u2019s full squad for the 2024\u20132025 season","datePublished":"2024-07-23T22:00:31+00:00","dateModified":"2026-04-22T07:16:56+00:00","mainEntityOfPage":{"@id":"https:\/\/fribourg-olympic.ch\/en\/fribourg-olympics-full-squad-for-the-2024-2025-season\/"},"wordCount":239,"commentCount":0,"publisher":{"@id":"https:\/\/fribourg-olympic.ch\/en\/#organization"},"image":{"@id":"https:\/\/fribourg-olympic.ch\/en\/fribourg-olympics-full-squad-for-the-2024-2025-season\/#primaryimage"},"thumbnailUrl":"https:\/\/fribourg-olympic.ch\/wp-content\/uploads\/2026\/01\/Fribourg-Olympic-Basket-Saison-24-25.png","articleSection":["Non class\u00e9"],"inLanguage":"en-US","potentialAction":[{"@type":"CommentAction","name":"Comment","target":["https:\/\/fribourg-olympic.ch\/en\/fribourg-olympics-full-squad-for-the-2024-2025-season\/#respond"]}]},{"@type":"WebPage","@id":"https:\/\/fribourg-olympic.ch\/en\/fribourg-olympics-full-squad-for-the-2024-2025-season\/","url":"https:\/\/fribourg-olympic.ch\/en\/fribourg-olympics-full-squad-for-the-2024-2025-season\/","name":"Fribourg Olympic\u2019s full squad for the 2024\u20132025 season - Fribourg Olympic Basket","isPartOf":{"@id":"https:\/\/fribourg-olympic.ch\/en\/#website"},"primaryImageOfPage":{"@id":"https:\/\/fribourg-olympic.ch\/en\/fribourg-olympics-full-squad-for-the-2024-2025-season\/#primaryimage"},"image":{"@id":"https:\/\/fribourg-olympic.ch\/en\/fribourg-olympics-full-squad-for-the-2024-2025-season\/#primaryimage"},"thumbnailUrl":"https:\/\/fribourg-olympic.ch\/wp-content\/uploads\/2026\/01\/Fribourg-Olympic-Basket-Saison-24-25.png","datePublished":"2024-07-23T22:00:31+00:00","dateModified":"2026-04-22T07:16:56+00:00","breadcrumb":{"@id":"https:\/\/fribourg-olympic.ch\/en\/fribourg-olympics-full-squad-for-the-2024-2025-season\/#breadcrumb"},"inLanguage":"en-US","potentialAction":[{"@type":"ReadAction","target":["https:\/\/fribourg-olympic.ch\/en\/fribourg-olympics-full-squad-for-the-2024-2025-season\/"]}]},{"@type":"ImageObject","inLanguage":"en-US","@id":"https:\/\/fribourg-olympic.ch\/en\/fribourg-olympics-full-squad-for-the-2024-2025-season\/#primaryimage","url":"https:\/\/fribourg-olympic.ch\/wp-content\/uploads\/2026\/01\/Fribourg-Olympic-Basket-Saison-24-25.png","contentUrl":"https:\/\/fribourg-olympic.ch\/wp-content\/uploads\/2026\/01\/Fribourg-Olympic-Basket-Saison-24-25.png","width":545,"height":422,"caption":"Fribourg Olympic Basket Saison 24-25 Chimezie Offurum"},{"@type":"BreadcrumbList","@id":"https:\/\/fribourg-olympic.ch\/en\/fribourg-olympics-full-squad-for-the-2024-2025-season\/#breadcrumb","itemListElement":[{"@type":"ListItem","position":1,"name":"Accueil","item":"https:\/\/fribourg-olympic.ch\/en\/home\/"},{"@type":"ListItem","position":2,"name":"Fribourg Olympic\u2019s full squad for the 2024\u20132025 season"}]},{"@type":"WebSite","@id":"https:\/\/fribourg-olympic.ch\/en\/#website","url":"https:\/\/fribourg-olympic.ch\/en\/","name":"Fribourg Olympic Basket","description":"Site officiel du club","publisher":{"@id":"https:\/\/fribourg-olympic.ch\/en\/#organization"},"alternateName":"Fribourg Olympic","potentialAction":[{"@type":"SearchAction","target":{"@type":"EntryPoint","urlTemplate":"https:\/\/fribourg-olympic.ch\/en\/?s={search_term_string}"},"query-input":{"@type":"PropertyValueSpecification","valueRequired":true,"valueName":"search_term_string"}}],"inLanguage":"en-US"},{"@type":"Organization","@id":"https:\/\/fribourg-olympic.ch\/en\/#organization","name":"Fribourg Olympic Basket","alternateName":"Fribourg Olympic","url":"https:\/\/fribourg-olympic.ch\/en\/","logo":{"@type":"ImageObject","inLanguage":"en-US","@id":"https:\/\/fribourg-olympic.ch\/en\/#\/schema\/logo\/image\/","url":"https:\/\/fribourg-olympic.ch\/wp-content\/uploads\/2025\/12\/LOGO.png","contentUrl":"https:\/\/fribourg-olympic.ch\/wp-content\/uploads\/2025\/12\/LOGO.png","width":1360,"height":1513,"caption":"Fribourg Olympic Basket"},"image":{"@id":"https:\/\/fribourg-olympic.ch\/en\/#\/schema\/logo\/image\/"},"sameAs":["https:\/\/www.facebook.com\/fribourgolympicbasketclub","https:\/\/www.instagram.com\/fribourgolympicbasket\/","https:\/\/www.youtube.com\/channel\/UCpT-UN5g9akLurgyo2KbSZg","https:\/\/www.linkedin.com\/company\/fribourg-olympic-basket\/","https:\/\/www.tiktok.com\/@fribourgolympicbasket"]},{"@type":"Person","@id":"https:\/\/fribourg-olympic.ch\/en\/#\/schema\/person\/6bf1c8a6637187575dca690bf8de58d2","name":"PYD Production","sameAs":["https:\/\/new.fribourg-olympic.ch"],"url":"https:\/\/fribourg-olympic.ch\/en\/author\/pyd-production\/"}]}},"_links":{"self":[{"href":"https:\/\/fribourg-olympic.ch\/en\/wp-json\/wp\/v2\/posts\/3155","targetHints":{"allow":["GET"]}}],"collection":[{"href":"https:\/\/fribourg-olympic.ch\/en\/wp-json\/wp\/v2\/posts"}],"about":[{"href":"https:\/\/fribourg-olympic.ch\/en\/wp-json\/wp\/v2\/types\/post"}],"author":[{"embeddable":true,"href":"https:\/\/fribourg-olympic.ch\/en\/wp-json\/wp\/v2\/users\/1"}],"replies":[{"embeddable":true,"href":"https:\/\/fribourg-olympic.ch\/en\/wp-json\/wp\/v2\/comments?post=3155"}],"version-history":[{"count":1,"href":"https:\/\/fribourg-olympic.ch\/en\/wp-json\/wp\/v2\/posts\/3155\/revisions"}],"predecessor-version":[{"id":3156,"href":"https:\/\/fribourg-olympic.ch\/en\/wp-json\/wp\/v2\/posts\/3155\/revisions\/3156"}],"wp:featuredmedia":[{"embeddable":true,"href":"https:\/\/fribourg-olympic.ch\/en\/wp-json\/wp\/v2\/media\/3154"}],"wp:attachment":[{"href":"https:\/\/fribourg-olympic.ch\/en\/wp-json\/wp\/v2\/media?parent=3155"}],"wp:term":[{"taxonomy":"category","embeddable":true,"href":"https:\/\/fribourg-olympic.ch\/en\/wp-json\/wp\/v2\/categories?post=3155"},{"taxonomy":"post_tag","embeddable":true,"href":"https:\/\/fribourg-olympic.ch\/en\/wp-json\/wp\/v2\/tags?post=3155"}],"curies":[{"name":"wp","href":"https:\/\/api.w.org\/{rel}","templated":true}]}}